{"id":23941,"date":"2022-08-16T12:27:03","date_gmt":"2022-08-16T10:27:03","guid":{"rendered":"https:\/\/www.deltatrailers.fr\/schmitz-cargobull-benne-cerealiere-52m3\/"},"modified":"2025-11-27T12:47:12","modified_gmt":"2025-11-27T11:47:12","slug":"schmitz-cargobull-benne-cerealiere-52m3","status":"publish","type":"post","link":"https:\/\/www.deltatrailers.fr\/en\/schmitz-cargobull-benne-cerealiere-52m3\/","title":{"rendered":"GRANALU \u2013 Benne c\u00e9r\u00e9ali\u00e8re 52m3"},"content":{"rendered":"<div class=\"row no-gutters\">\n<div class=\"col-md-2\"><\/div>\n<div class=\"col-md-8 d-flex justify-content-center\">\n<div class=\"card\">\n<div class=\"demo\">\n<ul id=\"lightSlider\">\n<li data-thumb=\"https:\/\/www.deltatrailers.fr\/wp-content\/uploads\/2020\/05\/IMG_0243.jpg\"><img decoding=\"async\" src=\"https:\/\/www.deltatrailers.fr\/wp-content\/uploads\/2020\/05\/IMG_0243.jpg\" \/><\/li>\n<li data-thumb=\"https:\/\/www.deltatrailers.fr\/wp-content\/uploads\/2020\/05\/IMG_0242.jpg\"><img decoding=\"async\" src=\"https:\/\/www.deltatrailers.fr\/wp-content\/uploads\/2020\/05\/IMG_0242.jpg\" \/><\/li>\n<li data-thumb=\"https:\/\/www.deltatrailers.fr\/wp-content\/uploads\/2020\/05\/IMG_0244.jpg\"><img decoding=\"async\" src=\"https:\/\/www.deltatrailers.fr\/wp-content\/uploads\/2020\/05\/IMG_0244.jpg\" \/><\/li>\n<\/ul>\n<\/div>\n<\/div>\n<div class=\"card mt-2\"><\/div>\n<\/div>\n<\/div>\n<div class=\"row no-gutters\">\n<div class=\"col-md-2\"><\/div>\n<div class=\"col-md-8\">\n<div class=\"card\" style=\"padding: 30px;\">\n<div class=\"d-flex flex-row align-items-center table-responsive\">\n<table class=\"table table-bordered\">\n<thead>\n<tr>\n<th>Marque<\/th>\n<th>Carrosserie<\/th>\n<th>Type<\/th>\n<th>Volume<\/th>\n<th>Location<\/th>\n<th>PVide<\/th>\n<th>PTAC<\/th>\n<th>Dimension<\/th>\n<th>Ann\u00e9e<\/th>\n<\/tr>\n<\/thead>\n<tbody>\n<tr>\n<td>Schmitz Cargobull<\/td>\n<td><\/td>\n<td>Benne c\u00e9r\u00e9ali\u00e8re<\/td>\n<td>52 M3<\/td>\n<td>Oui<\/td>\n<td>6.15 Tonnes<\/td>\n<td><\/td>\n<td><\/td>\n<td><\/td>\n<\/tr>\n<\/tbody>\n<\/table>\n<\/div>\n<hr \/>\n<div class=\"product-description\">\n<div class=\"mt-2\"><span class=\"font-weight-bold\">Description<\/span><\/p>\n<ul>\n<li>1 semi remorque BENNE CEREALIERE de marque SCHMITZ, NEUVE en 52m3 portes universelles avec ch\u00e2ssis baiss\u00e9 de 16cm (Voir photos)<\/li>\n<li>3xROTOS, 1er relevable<\/li>\n<li>6 jantes alu Durabright<\/li>\n<li>Pneus continental<\/li>\n<li>Passerelle fix\u00e9e sur la caisse et non plus sur le ch\u00e2ssis<\/li>\n<li>2 trappes dans les portes<\/li>\n<li>T\u00f4les d\u2019usure arri\u00e8re 4mm 2500x1000m<\/li>\n<li>Smartboard<\/li>\n<li>Utilisation tr\u00e8s pratique du syst\u00e8me de b\u00e2chage gr\u00e2ce \u00e0 la sangle de rappel qui permet de ne monter qu\u2019une seule fois par tour sur la passerelle<\/li>\n<li>V\u00e9hicule disponible \u00e0 la vente, comme \u00e0 la location<\/li>\n<li>Moissons \/ Betteraves<\/li>\n<li>Renseignez-vous au 02 37 48 50 00<\/li>\n<\/ul>\n<\/div>\n<hr \/>\n<div class=\"row\">\n<div class=\"col-md-4 col-sm-12\"><span style=\"text-decoration: underline;\">CHASSIS<\/span><\/p>\n<ul style=\"padding-right: 5%;\">\n<li>Smartboard: Oui<\/li>\n<li><\/li>\n<li><\/li>\n<li><\/li>\n<li><\/li>\n<\/ul>\n<\/div>\n<div class=\"col-md-4 col-sm-12\"><span style=\"text-decoration: underline;\">CARROSSERIES<\/span><\/p>\n<ul style=\"padding-right: 5%;\">\n<li>Type de porte: Universelle<\/li>\n<li>B\u00e2chage: Lat\u00e9rale<\/li>\n<li>Portillon: 2<\/li>\n<\/ul>\n<\/div>\n<div class=\"col-md-4 col-sm-12\"><span style=\"text-decoration: underline;\">TRAIN ROULANT<\/span><\/p>\n<ul>\n<li>Marque Pneumatique : Continental<\/li>\n<li>Marque essieux : ROTOS<\/li>\n<li>Nombre d&#8217;essieux : 3<\/li>\n<li>Essieux relevables : 1<\/li>\n<li>Jantes: Aluminiums<\/li>\n<li>Freinage : DISQUES<\/li>\n<li>Suspensions : AIR<\/li>\n<li>Pneumatiques : 385\/65 R 22,5<\/li>\n<\/ul>\n<\/div>\n<\/div>\n<\/div>\n<\/div>\n<\/div>\n<div class=\"col-md-2\"><\/div>\n<\/div>\n","protected":false},"excerpt":{"rendered":"<p>Marque Carrosserie Type Volume Location PVide PTAC Dimension Ann\u00e9e Schmitz Cargobull Benne c\u00e9r\u00e9ali\u00e8re 52 M3 Oui 6.15 Tonnes Description 1 semi remorque BENNE CEREALIERE de marque SCHMITZ, NEUVE en 52m3 portes universelles avec ch\u00e2ssis baiss\u00e9 de 16cm (Voir photos) 3xROTOS, 1er relevable 6 jantes alu Durabright Pneus continental Passerelle fix\u00e9e sur la caisse et non [&hellip;]<\/p>\n","protected":false},"author":7,"featured_media":13013,"comment_status":"open","ping_status":"open","sticky":false,"template":"","format":"standard","meta":{"_acf_changed":false,"_jetpack_memberships_contains_paid_content":false,"footnotes":""},"categories":[151,142,133],"tags":[],"class_list":["post-23941","post","type-post","status-publish","format-standard","has-post-thumbnail","hentry","category-bennes-cerealieres-en","category-location-en","category-neuf-en"],"acf":[],"yoast_head":"<!-- This site is optimized with the Yoast SEO plugin v26.3 - https:\/\/yoast.com\/wordpress\/plugins\/seo\/ -->\n<title>GRANALU \u2013 Benne c\u00e9r\u00e9ali\u00e8re 52m3 - DELTA\ud83d\udd3aTRAILERS<\/title>\n<meta name=\"description\" content=\"DELTA\ud83d\udd3aTRAILERS GRANALU \u2013 Benne c\u00e9r\u00e9ali\u00e8re 52m3\" \/>\n<meta name=\"robots\" content=\"noindex, follow\" \/>\n<meta property=\"og:locale\" content=\"en_US\" \/>\n<meta property=\"og:type\" content=\"article\" \/>\n<meta property=\"og:title\" content=\"GRANALU \u2013 Benne c\u00e9r\u00e9ali\u00e8re 52m3 - DELTA\ud83d\udd3aTRAILERS\" \/>\n<meta property=\"og:description\" content=\"DELTA\ud83d\udd3aTRAILERS GRANALU \u2013 Benne c\u00e9r\u00e9ali\u00e8re 52m3\" \/>\n<meta property=\"og:url\" content=\"https:\/\/www.deltatrailers.fr\/en\/schmitz-cargobull-benne-cerealiere-52m3\/\" \/>\n<meta property=\"og:site_name\" content=\"DELTA\ud83d\udd3aTRAILERS\" \/>\n<meta property=\"article:publisher\" content=\"https:\/\/www.facebook.com\/deltatrailers.fr\" \/>\n<meta property=\"article:published_time\" content=\"2022-08-16T10:27:03+00:00\" \/>\n<meta property=\"article:modified_time\" content=\"2025-11-27T11:47:12+00:00\" \/>\n<meta property=\"og:image\" content=\"https:\/\/www.deltatrailers.fr\/wp-content\/uploads\/2020\/05\/IMG_0243.jpg\" \/>\n\t<meta property=\"og:image:width\" content=\"2016\" \/>\n\t<meta property=\"og:image:height\" content=\"1512\" \/>\n\t<meta property=\"og:image:type\" content=\"image\/jpeg\" \/>\n<meta name=\"author\" content=\"Sarah Lesade\" \/>\n<meta name=\"twitter:card\" content=\"summary_large_image\" \/>\n<meta name=\"twitter:label1\" content=\"Written by\" \/>\n\t<meta name=\"twitter:data1\" content=\"Sarah Lesade\" \/>\n\t<meta name=\"twitter:label2\" content=\"Est. reading time\" \/>\n\t<meta name=\"twitter:data2\" content=\"2 minutes\" \/>\n<script type=\"application\/ld+json\" class=\"yoast-schema-graph\">{\"@context\":\"https:\/\/schema.org\",\"@graph\":[{\"@type\":\"Article\",\"@id\":\"https:\/\/www.deltatrailers.fr\/en\/schmitz-cargobull-benne-cerealiere-52m3\/#article\",\"isPartOf\":{\"@id\":\"https:\/\/www.deltatrailers.fr\/en\/schmitz-cargobull-benne-cerealiere-52m3\/\"},\"author\":{\"name\":\"Sarah Lesade\",\"@id\":\"https:\/\/www.deltatrailers.fr\/#\/schema\/person\/f5f6bed5d2f99a2c7ce2ce5ffde90c48\"},\"headline\":\"GRANALU \u2013 Benne c\u00e9r\u00e9ali\u00e8re 52m3\",\"datePublished\":\"2022-08-16T10:27:03+00:00\",\"dateModified\":\"2025-11-27T11:47:12+00:00\",\"mainEntityOfPage\":{\"@id\":\"https:\/\/www.deltatrailers.fr\/en\/schmitz-cargobull-benne-cerealiere-52m3\/\"},\"wordCount\":159,\"commentCount\":0,\"publisher\":{\"@id\":\"https:\/\/www.deltatrailers.fr\/#organization\"},\"image\":{\"@id\":\"https:\/\/www.deltatrailers.fr\/en\/schmitz-cargobull-benne-cerealiere-52m3\/#primaryimage\"},\"thumbnailUrl\":\"https:\/\/www.deltatrailers.fr\/wp-content\/uploads\/2020\/05\/IMG_0243.jpg\",\"articleSection\":[\"Bennes c\u00e9r\u00e9ali\u00e8res\",\"Location\",\"Neuf\"],\"inLanguage\":\"en-US\",\"potentialAction\":[{\"@type\":\"CommentAction\",\"name\":\"Comment\",\"target\":[\"https:\/\/www.deltatrailers.fr\/en\/schmitz-cargobull-benne-cerealiere-52m3\/#respond\"]}]},{\"@type\":\"WebPage\",\"@id\":\"https:\/\/www.deltatrailers.fr\/en\/schmitz-cargobull-benne-cerealiere-52m3\/\",\"url\":\"https:\/\/www.deltatrailers.fr\/en\/schmitz-cargobull-benne-cerealiere-52m3\/\",\"name\":\"GRANALU \u2013 Benne c\u00e9r\u00e9ali\u00e8re 52m3 - DELTA\ud83d\udd3aTRAILERS\",\"isPartOf\":{\"@id\":\"https:\/\/www.deltatrailers.fr\/#website\"},\"primaryImageOfPage\":{\"@id\":\"https:\/\/www.deltatrailers.fr\/en\/schmitz-cargobull-benne-cerealiere-52m3\/#primaryimage\"},\"image\":{\"@id\":\"https:\/\/www.deltatrailers.fr\/en\/schmitz-cargobull-benne-cerealiere-52m3\/#primaryimage\"},\"thumbnailUrl\":\"https:\/\/www.deltatrailers.fr\/wp-content\/uploads\/2020\/05\/IMG_0243.jpg\",\"datePublished\":\"2022-08-16T10:27:03+00:00\",\"dateModified\":\"2025-11-27T11:47:12+00:00\",\"description\":\"DELTA\ud83d\udd3aTRAILERS GRANALU \u2013 Benne c\u00e9r\u00e9ali\u00e8re 52m3\",\"breadcrumb\":{\"@id\":\"https:\/\/www.deltatrailers.fr\/en\/schmitz-cargobull-benne-cerealiere-52m3\/#breadcrumb\"},\"inLanguage\":\"en-US\",\"potentialAction\":[{\"@type\":\"ReadAction\",\"target\":[\"https:\/\/www.deltatrailers.fr\/en\/schmitz-cargobull-benne-cerealiere-52m3\/\"]}]},{\"@type\":\"ImageObject\",\"inLanguage\":\"en-US\",\"@id\":\"https:\/\/www.deltatrailers.fr\/en\/schmitz-cargobull-benne-cerealiere-52m3\/#primaryimage\",\"url\":\"https:\/\/www.deltatrailers.fr\/wp-content\/uploads\/2020\/05\/IMG_0243.jpg\",\"contentUrl\":\"https:\/\/www.deltatrailers.fr\/wp-content\/uploads\/2020\/05\/IMG_0243.jpg\",\"width\":2016,\"height\":1512},{\"@type\":\"BreadcrumbList\",\"@id\":\"https:\/\/www.deltatrailers.fr\/en\/schmitz-cargobull-benne-cerealiere-52m3\/#breadcrumb\",\"itemListElement\":[{\"@type\":\"ListItem\",\"position\":1,\"name\":\"Accueil\",\"item\":\"https:\/\/www.deltatrailers.fr\/en\/\"},{\"@type\":\"ListItem\",\"position\":2,\"name\":\"GRANALU \u2013 Benne c\u00e9r\u00e9ali\u00e8re 52m3\"}]},{\"@type\":\"WebSite\",\"@id\":\"https:\/\/www.deltatrailers.fr\/#website\",\"url\":\"https:\/\/www.deltatrailers.fr\/\",\"name\":\"DELTA\ud83d\udd3aTRAILERS\",\"description\":\"Delta Trailers Delta Trailers, distributeur de remorques et semi remorques neuves et occasions en Eure &amp; Loir.\",\"publisher\":{\"@id\":\"https:\/\/www.deltatrailers.fr\/#organization\"},\"potentialAction\":[{\"@type\":\"SearchAction\",\"target\":{\"@type\":\"EntryPoint\",\"urlTemplate\":\"https:\/\/www.deltatrailers.fr\/?s={search_term_string}\"},\"query-input\":{\"@type\":\"PropertyValueSpecification\",\"valueRequired\":true,\"valueName\":\"search_term_string\"}}],\"inLanguage\":\"en-US\"},{\"@type\":\"Organization\",\"@id\":\"https:\/\/www.deltatrailers.fr\/#organization\",\"name\":\"Delta Trailers\",\"url\":\"https:\/\/www.deltatrailers.fr\/\",\"logo\":{\"@type\":\"ImageObject\",\"inLanguage\":\"en-US\",\"@id\":\"https:\/\/www.deltatrailers.fr\/#\/schema\/logo\/image\/\",\"url\":\"https:\/\/www.deltatrailers.fr\/wp-content\/uploads\/2020\/01\/logo-b77c6ae2f55f54e097d743d409cef4a6.png\",\"contentUrl\":\"https:\/\/www.deltatrailers.fr\/wp-content\/uploads\/2020\/01\/logo-b77c6ae2f55f54e097d743d409cef4a6.png\",\"width\":357,\"height\":49,\"caption\":\"Delta Trailers\"},\"image\":{\"@id\":\"https:\/\/www.deltatrailers.fr\/#\/schema\/logo\/image\/\"},\"sameAs\":[\"https:\/\/www.facebook.com\/deltatrailers.fr\",\"https:\/\/www.instagram.com\/deltatrailers\/\",\"https:\/\/www.linkedin.com\/company\/deltatrailers\/\",\"https:\/\/www.youtube.com\/channel\/UC1Sdix0oUAnDXX2RKuWxixg\"]},{\"@type\":\"Person\",\"@id\":\"https:\/\/www.deltatrailers.fr\/#\/schema\/person\/f5f6bed5d2f99a2c7ce2ce5ffde90c48\",\"name\":\"Sarah Lesade\",\"image\":{\"@type\":\"ImageObject\",\"inLanguage\":\"en-US\",\"@id\":\"https:\/\/www.deltatrailers.fr\/#\/schema\/person\/image\/\",\"url\":\"https:\/\/secure.gravatar.com\/avatar\/ef372cb0221ae6611c991c350a41820be57caff18499aed65d0a614c39cdf0f4?s=96&d=mm&r=g\",\"contentUrl\":\"https:\/\/secure.gravatar.com\/avatar\/ef372cb0221ae6611c991c350a41820be57caff18499aed65d0a614c39cdf0f4?s=96&d=mm&r=g\",\"caption\":\"Sarah Lesade\"},\"url\":\"https:\/\/www.deltatrailers.fr\/en\/author\/sarah-lesade\/\"}]}<\/script>\n<!-- \/ Yoast SEO plugin. -->","yoast_head_json":{"title":"GRANALU \u2013 Benne c\u00e9r\u00e9ali\u00e8re 52m3 - DELTA\ud83d\udd3aTRAILERS","description":"DELTA\ud83d\udd3aTRAILERS GRANALU \u2013 Benne c\u00e9r\u00e9ali\u00e8re 52m3","robots":{"index":"noindex","follow":"follow"},"og_locale":"en_US","og_type":"article","og_title":"GRANALU \u2013 Benne c\u00e9r\u00e9ali\u00e8re 52m3 - DELTA\ud83d\udd3aTRAILERS","og_description":"DELTA\ud83d\udd3aTRAILERS GRANALU \u2013 Benne c\u00e9r\u00e9ali\u00e8re 52m3","og_url":"https:\/\/www.deltatrailers.fr\/en\/schmitz-cargobull-benne-cerealiere-52m3\/","og_site_name":"DELTA\ud83d\udd3aTRAILERS","article_publisher":"https:\/\/www.facebook.com\/deltatrailers.fr","article_published_time":"2022-08-16T10:27:03+00:00","article_modified_time":"2025-11-27T11:47:12+00:00","og_image":[{"width":2016,"height":1512,"url":"https:\/\/www.deltatrailers.fr\/wp-content\/uploads\/2020\/05\/IMG_0243.jpg","type":"image\/jpeg"}],"author":"Sarah Lesade","twitter_card":"summary_large_image","twitter_misc":{"Written by":"Sarah Lesade","Est. reading time":"2 minutes"},"schema":{"@context":"https:\/\/schema.org","@graph":[{"@type":"Article","@id":"https:\/\/www.deltatrailers.fr\/en\/schmitz-cargobull-benne-cerealiere-52m3\/#article","isPartOf":{"@id":"https:\/\/www.deltatrailers.fr\/en\/schmitz-cargobull-benne-cerealiere-52m3\/"},"author":{"name":"Sarah Lesade","@id":"https:\/\/www.deltatrailers.fr\/#\/schema\/person\/f5f6bed5d2f99a2c7ce2ce5ffde90c48"},"headline":"GRANALU \u2013 Benne c\u00e9r\u00e9ali\u00e8re 52m3","datePublished":"2022-08-16T10:27:03+00:00","dateModified":"2025-11-27T11:47:12+00:00","mainEntityOfPage":{"@id":"https:\/\/www.deltatrailers.fr\/en\/schmitz-cargobull-benne-cerealiere-52m3\/"},"wordCount":159,"commentCount":0,"publisher":{"@id":"https:\/\/www.deltatrailers.fr\/#organization"},"image":{"@id":"https:\/\/www.deltatrailers.fr\/en\/schmitz-cargobull-benne-cerealiere-52m3\/#primaryimage"},"thumbnailUrl":"https:\/\/www.deltatrailers.fr\/wp-content\/uploads\/2020\/05\/IMG_0243.jpg","articleSection":["Bennes c\u00e9r\u00e9ali\u00e8res","Location","Neuf"],"inLanguage":"en-US","potentialAction":[{"@type":"CommentAction","name":"Comment","target":["https:\/\/www.deltatrailers.fr\/en\/schmitz-cargobull-benne-cerealiere-52m3\/#respond"]}]},{"@type":"WebPage","@id":"https:\/\/www.deltatrailers.fr\/en\/schmitz-cargobull-benne-cerealiere-52m3\/","url":"https:\/\/www.deltatrailers.fr\/en\/schmitz-cargobull-benne-cerealiere-52m3\/","name":"GRANALU \u2013 Benne c\u00e9r\u00e9ali\u00e8re 52m3 - DELTA\ud83d\udd3aTRAILERS","isPartOf":{"@id":"https:\/\/www.deltatrailers.fr\/#website"},"primaryImageOfPage":{"@id":"https:\/\/www.deltatrailers.fr\/en\/schmitz-cargobull-benne-cerealiere-52m3\/#primaryimage"},"image":{"@id":"https:\/\/www.deltatrailers.fr\/en\/schmitz-cargobull-benne-cerealiere-52m3\/#primaryimage"},"thumbnailUrl":"https:\/\/www.deltatrailers.fr\/wp-content\/uploads\/2020\/05\/IMG_0243.jpg","datePublished":"2022-08-16T10:27:03+00:00","dateModified":"2025-11-27T11:47:12+00:00","description":"DELTA\ud83d\udd3aTRAILERS GRANALU \u2013 Benne c\u00e9r\u00e9ali\u00e8re 52m3","breadcrumb":{"@id":"https:\/\/www.deltatrailers.fr\/en\/schmitz-cargobull-benne-cerealiere-52m3\/#breadcrumb"},"inLanguage":"en-US","potentialAction":[{"@type":"ReadAction","target":["https:\/\/www.deltatrailers.fr\/en\/schmitz-cargobull-benne-cerealiere-52m3\/"]}]},{"@type":"ImageObject","inLanguage":"en-US","@id":"https:\/\/www.deltatrailers.fr\/en\/schmitz-cargobull-benne-cerealiere-52m3\/#primaryimage","url":"https:\/\/www.deltatrailers.fr\/wp-content\/uploads\/2020\/05\/IMG_0243.jpg","contentUrl":"https:\/\/www.deltatrailers.fr\/wp-content\/uploads\/2020\/05\/IMG_0243.jpg","width":2016,"height":1512},{"@type":"BreadcrumbList","@id":"https:\/\/www.deltatrailers.fr\/en\/schmitz-cargobull-benne-cerealiere-52m3\/#breadcrumb","itemListElement":[{"@type":"ListItem","position":1,"name":"Accueil","item":"https:\/\/www.deltatrailers.fr\/en\/"},{"@type":"ListItem","position":2,"name":"GRANALU \u2013 Benne c\u00e9r\u00e9ali\u00e8re 52m3"}]},{"@type":"WebSite","@id":"https:\/\/www.deltatrailers.fr\/#website","url":"https:\/\/www.deltatrailers.fr\/","name":"DELTA\ud83d\udd3aTRAILERS","description":"Delta Trailers Delta Trailers, distributeur de remorques et semi remorques neuves et occasions en Eure &amp; Loir.","publisher":{"@id":"https:\/\/www.deltatrailers.fr\/#organization"},"potentialAction":[{"@type":"SearchAction","target":{"@type":"EntryPoint","urlTemplate":"https:\/\/www.deltatrailers.fr\/?s={search_term_string}"},"query-input":{"@type":"PropertyValueSpecification","valueRequired":true,"valueName":"search_term_string"}}],"inLanguage":"en-US"},{"@type":"Organization","@id":"https:\/\/www.deltatrailers.fr\/#organization","name":"Delta Trailers","url":"https:\/\/www.deltatrailers.fr\/","logo":{"@type":"ImageObject","inLanguage":"en-US","@id":"https:\/\/www.deltatrailers.fr\/#\/schema\/logo\/image\/","url":"https:\/\/www.deltatrailers.fr\/wp-content\/uploads\/2020\/01\/logo-b77c6ae2f55f54e097d743d409cef4a6.png","contentUrl":"https:\/\/www.deltatrailers.fr\/wp-content\/uploads\/2020\/01\/logo-b77c6ae2f55f54e097d743d409cef4a6.png","width":357,"height":49,"caption":"Delta Trailers"},"image":{"@id":"https:\/\/www.deltatrailers.fr\/#\/schema\/logo\/image\/"},"sameAs":["https:\/\/www.facebook.com\/deltatrailers.fr","https:\/\/www.instagram.com\/deltatrailers\/","https:\/\/www.linkedin.com\/company\/deltatrailers\/","https:\/\/www.youtube.com\/channel\/UC1Sdix0oUAnDXX2RKuWxixg"]},{"@type":"Person","@id":"https:\/\/www.deltatrailers.fr\/#\/schema\/person\/f5f6bed5d2f99a2c7ce2ce5ffde90c48","name":"Sarah Lesade","image":{"@type":"ImageObject","inLanguage":"en-US","@id":"https:\/\/www.deltatrailers.fr\/#\/schema\/person\/image\/","url":"https:\/\/secure.gravatar.com\/avatar\/ef372cb0221ae6611c991c350a41820be57caff18499aed65d0a614c39cdf0f4?s=96&d=mm&r=g","contentUrl":"https:\/\/secure.gravatar.com\/avatar\/ef372cb0221ae6611c991c350a41820be57caff18499aed65d0a614c39cdf0f4?s=96&d=mm&r=g","caption":"Sarah Lesade"},"url":"https:\/\/www.deltatrailers.fr\/en\/author\/sarah-lesade\/"}]}},"jetpack_featured_media_url":"https:\/\/www.deltatrailers.fr\/wp-content\/uploads\/2020\/05\/IMG_0243.jpg","jetpack_sharing_enabled":true,"rttpg_featured_image_url":{"full":["https:\/\/www.deltatrailers.fr\/wp-content\/uploads\/2020\/05\/IMG_0243.jpg",2016,1512,false],"landscape":["https:\/\/www.deltatrailers.fr\/wp-content\/uploads\/2020\/05\/IMG_0243.jpg",2016,1512,false],"portraits":["https:\/\/www.deltatrailers.fr\/wp-content\/uploads\/2020\/05\/IMG_0243.jpg",2016,1512,false],"thumbnail":["https:\/\/www.deltatrailers.fr\/wp-content\/uploads\/2020\/05\/IMG_0243-150x150.jpg",150,150,true],"medium":["https:\/\/www.deltatrailers.fr\/wp-content\/uploads\/2020\/05\/IMG_0243-300x225.jpg",300,225,true],"large":["https:\/\/www.deltatrailers.fr\/wp-content\/uploads\/2020\/05\/IMG_0243-1024x768.jpg",1024,768,true],"1536x1536":["https:\/\/www.deltatrailers.fr\/wp-content\/uploads\/2020\/05\/IMG_0243-1536x1152.jpg",1536,1152,true],"2048x2048":["https:\/\/www.deltatrailers.fr\/wp-content\/uploads\/2020\/05\/IMG_0243.jpg",2016,1512,false],"post-thumbnail":["https:\/\/www.deltatrailers.fr\/wp-content\/uploads\/2020\/05\/IMG_0243-1568x1176.jpg",1568,1176,true],"custom-dt":["https:\/\/www.deltatrailers.fr\/wp-content\/uploads\/2020\/05\/IMG_0243-320x240.jpg",320,240,true],"annonce-thumb":["https:\/\/www.deltatrailers.fr\/wp-content\/uploads\/2020\/05\/IMG_0243.jpg",320,240,false],"showroom":["https:\/\/www.deltatrailers.fr\/wp-content\/uploads\/2020\/05\/IMG_0243-457x343.jpg",457,343,true],"woocommerce_thumbnail":["https:\/\/www.deltatrailers.fr\/wp-content\/uploads\/2020\/05\/IMG_0243-300x300.jpg",300,300,true],"woocommerce_single":["https:\/\/www.deltatrailers.fr\/wp-content\/uploads\/2020\/05\/IMG_0243-600x450.jpg",600,450,true],"woocommerce_gallery_thumbnail":["https:\/\/www.deltatrailers.fr\/wp-content\/uploads\/2020\/05\/IMG_0243-100x100.jpg",100,100,true],"rt_custom":["https:\/\/www.deltatrailers.fr\/wp-content\/uploads\/2020\/05\/IMG_0243.jpg",2016,1512,false]},"rttpg_author":{"display_name":"Sarah Lesade","author_link":"https:\/\/www.deltatrailers.fr\/en\/author\/sarah-lesade\/"},"rttpg_comment":0,"rttpg_category":"<a href=\"https:\/\/www.deltatrailers.fr\/en\/category\/bennes-cerealieres-en\/\" rel=\"category tag\">Bennes c\u00e9r\u00e9ali\u00e8res<\/a> <a href=\"https:\/\/www.deltatrailers.fr\/en\/category\/location-en\/\" rel=\"category tag\">Location<\/a> <a href=\"https:\/\/www.deltatrailers.fr\/en\/category\/neuf-en\/\" rel=\"category tag\">Neuf<\/a>","rttpg_excerpt":"Marque Carrosserie Type Volume Location PVide PTAC Dimension Ann\u00e9e Schmitz Cargobull Benne c\u00e9r\u00e9ali\u00e8re 52 M3 Oui 6.15 Tonnes Description 1 semi remorque BENNE CEREALIERE de marque SCHMITZ, NEUVE en 52m3 portes universelles avec ch\u00e2ssis baiss\u00e9 de 16cm (Voir photos) 3xROTOS, 1er relevable 6 jantes alu Durabright Pneus continental Passerelle fix\u00e9e sur la caisse et non&hellip;","_links":{"self":[{"href":"https:\/\/www.deltatrailers.fr\/en\/wp-json\/wp\/v2\/posts\/23941","targetHints":{"allow":["GET"]}}],"collection":[{"href":"https:\/\/www.deltatrailers.fr\/en\/wp-json\/wp\/v2\/posts"}],"about":[{"href":"https:\/\/www.deltatrailers.fr\/en\/wp-json\/wp\/v2\/types\/post"}],"author":[{"embeddable":true,"href":"https:\/\/www.deltatrailers.fr\/en\/wp-json\/wp\/v2\/users\/7"}],"replies":[{"embeddable":true,"href":"https:\/\/www.deltatrailers.fr\/en\/wp-json\/wp\/v2\/comments?post=23941"}],"version-history":[{"count":2,"href":"https:\/\/www.deltatrailers.fr\/en\/wp-json\/wp\/v2\/posts\/23941\/revisions"}],"predecessor-version":[{"id":31489,"href":"https:\/\/www.deltatrailers.fr\/en\/wp-json\/wp\/v2\/posts\/23941\/revisions\/31489"}],"wp:featuredmedia":[{"embeddable":true,"href":"https:\/\/www.deltatrailers.fr\/en\/wp-json\/wp\/v2\/media\/13013"}],"wp:attachment":[{"href":"https:\/\/www.deltatrailers.fr\/en\/wp-json\/wp\/v2\/media?parent=23941"}],"wp:term":[{"taxonomy":"category","embeddable":true,"href":"https:\/\/www.deltatrailers.fr\/en\/wp-json\/wp\/v2\/categories?post=23941"},{"taxonomy":"post_tag","embeddable":true,"href":"https:\/\/www.deltatrailers.fr\/en\/wp-json\/wp\/v2\/tags?post=23941"}],"curies":[{"name":"wp","href":"https:\/\/api.w.org\/{rel}","templated":true}]}}